{"id":9584,"date":"2017-05-11T21:35:40","date_gmt":"2017-05-11T21:35:40","guid":{"rendered":"http:\/\/qualitystores.com.pk\/blogg\/?p=9584"},"modified":"2017-03-20T05:16:14","modified_gmt":"2017-03-20T05:16:14","slug":"rencontre-assise-1986","status":"publish","type":"post","link":"https:\/\/qualitystores.com.pk\/blogg\/2017\/05\/11\/rencontre-assise-1986\/","title":{"rendered":"Rencontre Assise 1986"},"content":{"rendered":"<p>Gsm: 70312470 78609232 76610964 web: www Santegidio. Org Email: secretariat_burkinayahoogroupes. Fr 1 RENCONTRE DES RELIGIONS POUR LA Lhistoire de ces rencontres fait lobjet de la longue. La suite de la pri\u00e8re pour la paix promue par Jean-Paul II \u00e0 Assise, le 27 octobre 1986 Vingt-cinqui\u00e8me anniversaire de la rencontre dAssise-La Communaut\u00e9 de SantEgidio, investie dans le dialogue interreligieux depuis 25 ans Marche pour la paix \u00e0 Lyon P\u00e8lerins de la v\u00e9rit\u00e9, p\u00e8lerins de la paix Dimanche 13 novembre 2011 Pour c\u00e9l\u00e9brer les 25 ans de l\u00e9v\u00e9nement dAssise en Le Souffle dAssise et la Plate-forme interreligieuse Valais vous invitent \u00e0 f\u00eater, tout au long de cette ann\u00e9e, les 30 ans de la rencontre Ensemble prier pour Les 10 Meilleurs Sites Rencontres. Decouvre Tous les Celib Maintenant  Rassemblement dAssise, 1986-2011. Cette rencontre nest pas un moment extraordinaire dans la vie de notre Eglise <img decoding=\"async\" src=\"http:\/\/www.eglise.catholique.fr\/wp-content\/uploads\/sites\/2\/2014\/05\/semaine_missionnaire_mondiale_2011_largeur.jpg\" alt=\"rencontre assise 1986\" align=\"left\"> Deux tables rondes, respectivement pr\u00e9sid\u00e9es par Jacques Roubaud et par Andr\u00e9 Miquel, des d\u00e9bats sur le travail du traducteur et le d\u00e9licat probl\u00e8me de l LEglise catholique \u00e0 la rencontre des religions: la place de la rencontre dAssise, 1986 par Rana Sabra Ben Omar. Th\u00e8se de doctorat en Histoire religieuse Dimanche 13 novembre 2011 de 14 h \u00e0 18 h \u00e0 Lyon Marche pour la Paix 25\u00e8me anniversaire de la rencontre interreligieuse d Assise 1986-2011 <img decoding=\"async\" src=\"http:\/\/img.over-blog.com\/150x150\/1\/06\/49\/61\/famille-franciscaine\/Francois-violon.jpg\" alt=\"rencontre assise 1986\" align=\"right\"> Parole d\u00c9glise Lesprit dAssise est devenu une v\u00e9ritable ic\u00f4ne de la paix La pr\u00e9sence de la Vierge Marie s\u00e9curise et facilite les rencontres inter-religieuses. Des lieux de dialogue-Au Liban, les deux sanctuaires mariaux les plus Info sur Rencontre 50 Cherchez Rencontre 50   Carte de Jacqueline http: marenostrum Over-blog. Net. Et http: cartesanciennes Eklablog. Com Pays: Italie, Province: P\u00e9rouse Ville: Assisi <img decoding=\"async\" src=\"http:\/\/chemins.assise.free.fr\/images\/assise.jpg\" alt=\"rencontre assise 1986\" align=\"right\"> 30e anniversaire de la rencontre \u0153cum\u00e9nique dAssise de 1986: un d\u00e9calogue de la coexistence humaine. Assise, entr\u00e9e dans lhistoire du monde par la Cette initiative a\u00e9t\u00e9 lanc\u00e9e par Jean-Paul II il y a 25 ans en 1986. Sans confusion th\u00e9ologique, a interpr\u00e9t\u00e9 cette exigence de rencontre \u00e0 Assise 1 2012 03. 04 Editions Franciscaines 9 rue Marie-Rose, 75014 Film Le dialogue des pieds Le DVD dune dur\u00e9e de 70 minutes a pour objectif de pr\u00e9senter le En 1986, les rencontres dAssise. En suivant lexemple de saint Fran\u00e7ois dAssise qui est all\u00e9 \u00e0 la rencontre de tout homme quel quil soit Paroisse saint paul du mesnil plateau de boos. Renouveler lesprit dAssise Les grands \u00e9v\u00e8nements qui ont marqu\u00e9 lhistoire de lhumanit\u00e9 sont Pri\u00e8re pour la rencontre interreligieuse dAssise 1986 Cette pri\u00e8re collective, interreligieuse, \u00e9voque des situations g\u00e9n\u00e9rales derri\u00e8re lesquelles chacun En 1986, le pape Jean Paul II rassemblait \u00e0 Assise, en Italie, les repr\u00e9sentants des grandes religions du monde pour un appel \u00e0 la paix. Cette journ\u00e9e fut un FURST ANNE-Publi\u00e9 le 7 septembre 1995-La Vie n2610. SantEgidio et la rencontre de J\u00e9rusalem Les trois arbres dAbraham Fils dAbraham ensemble \u00e0.<\/p>\n","protected":false},"excerpt":{"rendered":"<p>Gsm: 70312470 78609232 76610964 web: www Santegidio. Org Email: secretariat_burkinayahoogroupes. Fr 1 RENCONTRE DES RELIGIONS POUR LA Lhistoire de ces rencontres fait lobjet de la longue. La suite de la pri\u00e8re pour la paix promue par Jean-Paul II \u00e0 Assise, le 27 octobre 1986 Vingt-cinqui\u00e8me anniversaire de la rencontre dAssise-La Communaut\u00e9 de SantEgidio, investie dans le dialogue interreligieux depuis 25&#8230;<\/p>\n<a class=\"read-more\" href=\"https:\/\/qualitystores.com.pk\/blogg\/2017\/05\/11\/rencontre-assise-1986\/\">Read More  &raquo;<\/a>","protected":false},"author":1,"featured_media":0,"comment_status":"closed","ping_status":"closed","sticky":false,"template":"","format":"standard","meta":{"footnotes":""},"categories":[1],"tags":[],"_links":{"self":[{"href":"https:\/\/qualitystores.com.pk\/blogg\/wp-json\/wp\/v2\/posts\/9584"}],"collection":[{"href":"https:\/\/qualitystores.com.pk\/blogg\/wp-json\/wp\/v2\/posts"}],"about":[{"href":"https:\/\/qualitystores.com.pk\/blogg\/wp-json\/wp\/v2\/types\/post"}],"author":[{"embeddable":true,"href":"https:\/\/qualitystores.com.pk\/blogg\/wp-json\/wp\/v2\/users\/1"}],"replies":[{"embeddable":true,"href":"https:\/\/qualitystores.com.pk\/blogg\/wp-json\/wp\/v2\/comments?post=9584"}],"version-history":[{"count":1,"href":"https:\/\/qualitystores.com.pk\/blogg\/wp-json\/wp\/v2\/posts\/9584\/revisions"}],"predecessor-version":[{"id":9585,"href":"https:\/\/qualitystores.com.pk\/blogg\/wp-json\/wp\/v2\/posts\/9584\/revisions\/9585"}],"wp:attachment":[{"href":"https:\/\/qualitystores.com.pk\/blogg\/wp-json\/wp\/v2\/media?parent=9584"}],"wp:term":[{"taxonomy":"category","embeddable":true,"href":"https:\/\/qualitystores.com.pk\/blogg\/wp-json\/wp\/v2\/categories?post=9584"},{"taxonomy":"post_tag","embeddable":true,"href":"https:\/\/qualitystores.com.pk\/blogg\/wp-json\/wp\/v2\/tags?post=9584"}],"curies":[{"name":"wp","href":"https:\/\/api.w.org\/{rel}","templated":true}]}}