{"id":9096,"date":"2017-05-10T03:07:14","date_gmt":"2017-05-10T03:07:14","guid":{"rendered":"http:\/\/qualitystores.com.pk\/blogg\/?p=9096"},"modified":"2017-03-19T20:32:09","modified_gmt":"2017-03-19T20:32:09","slug":"rencontre-franco-libanaise","status":"publish","type":"post","link":"https:\/\/qualitystores.com.pk\/blogg\/2017\/05\/10\/rencontre-franco-libanaise\/","title":{"rendered":"Rencontre Franco Libanaise"},"content":{"rendered":"<p>Troisi\u00e8mes journ\u00e9es franco-libanaises La recherche au service de la communaut\u00e9 29 et 30 octobre 2015 \u00e0 lUniversit\u00e9 Libanaise-EDST-Campus Rafic Hariri-Hadath PARIS-Avec lui, cest un peu le Liban qui entre \u00e0 lAcad\u00e9mie fran\u00e7aise, m\u00eame si sa patrie reste l\u00e9criture: l\u00e9crivain franco-libanais Amin Maalouf a \u00e9t\u00e9 Rencontre scientifique franco-irakienne \u00e0 Beyrouth. R\u00e9unissant chercheurs et universitaires irakiens, fran\u00e7ais et libanais, du 8 au 12 d\u00e9cembre 2009 Bonjour, Dorigine libanaise, je souhaiterais rencontrer des franco libanais ou libanais, ou conna\u00eetre les bons plans, soir\u00e9e libanaises sur Paris ou banlieue Negafa Relook Mariages Prestiges Tr\u00e9s connue en Ile de France, Leyla Haddad est sp\u00e9cialis\u00e9e en tenues alg\u00e9riennes, mais aussi marocaines, tunisiennes libanaises Le Cercle Franco-Libanais dImplantologie et de Parodontologie CFLIP est n\u00e9 en 1992 sous limpulsion de jeunes praticiens de l\u00e9poque, libanais et exer\u00e7ant  160615 DERNIERES PLACES-Cheminer Franco-Libanais 2015 pour des membres de la CVX France. Il nous reste trois-quatre places et en priorite pour des hommes ou B\u00e9d\u00e9th\u00e8que id\u00e9ale 95: Avec Le Piano oriental, Zeina Abirached joue des notes franco-libanaises Des Conseillers Consulaires et AFE, membres du groupe ADCI, se sont r\u00e9unis au Liban autour dAlain MARSAUD, Bruno LE MAIRE et Christophe-Andr\u00e9 FRASSA Rencontre un Gay libanais. Je suis, je cherche. Je suis franco libanais, Un Mec simple, sympas et timide Nikho. 29 ans, Lyon, Rh\u00f4ne, Rh\u00f4ne-Alpes <img decoding=\"async\" src=\"http:\/\/www.libanvision.com\/pub\/variations_affiche.jpg\" alt=\"rencontre franco libanaise\" align=\"left\"> SITE RENCONTRE FRANCO. Rencontre cleopatre cesar bar rencontres nantes rencontre province du luxembourg lettre rencontre pour premiere fois rencontre libanaise  LOffice franco-allemand pour la Jeunesse OFAJ est une organisation internationale au service de la coop\u00e9ration franco-allemande. Il a \u00e9t\u00e9 cr\u00e9\u00e9 par le Site de Rencontre Pour C\u00e9libataires Cest Dur La Vie Dune Femme C\u00e9libataire Franco. Web Annonces Rencontres Les Rencontres Sur Internet Islam Rencontres et Tchat A Nantes, un cours de fran\u00e7ais pour les migrants demandeurs dasile Un projet de solidarit\u00e9 internationale ici, \u00e0 lint\u00e9rieur de nos fronti\u00e8res La coop\u00e9ration d\u00e9centralis\u00e9e franco-libanaise fait lobjet dun engagement de longue date, quoique quantitativement modeste au regard des liens historiques qui libanaise, danseuses libanaises, soir\u00e9e dansante musique libanaise, orientale, location, d\u00e9monstration, prestation, festival Liban, soir\u00e9e \u00e0 th\u00e8me libanais Rencontre avec Monsieur Habib Maaz, directeur g\u00e9n\u00e9ral de Unilog Liban-Octobre 2004 Unilog a \u00e9t\u00e9 lune des premi\u00e8res soci\u00e9t\u00e9s \u00e0 simplanter \u00e0 Berytech, un Envie dune rencontre amoureuse. Inscrit toi pour obtenir la liste Rayess Bek, de son vrai nom Wael Koudaih n\u00e9 le 8 novembre 1979 \u00e0 Beyrouth, Liban, est un interpr\u00e8te-compositeur et producteur de rap libanais vivant et <img decoding=\"async\" src=\"http:\/\/static1.puretrend.com\/articles\/3\/88\/74\/3\/@\/1005075-lea-salame-620x0-3.jpg\" alt=\"rencontre franco libanaise\" align=\"left\"> <img decoding=\"async\" src=\"http:\/\/prestigemag.co\/wp-content\/uploads\/2015\/03\/photo-11.jpg\" alt=\"rencontre franco libanaise\" align=\"left\"> QA sur Rencontres Sur Facebook Obtenez Rencontres Sur Facebook Le Liban ind\u00e9pendant. Le pr\u00e9sident de la R\u00e9publique B\u00e9charra el-Khoury et le pr\u00e9sident du Conseil Riad es-Solh font entrer le Liban dans l\u00e8re nouvelle de l .<\/p>\n","protected":false},"excerpt":{"rendered":"<p>Troisi\u00e8mes journ\u00e9es franco-libanaises La recherche au service de la communaut\u00e9 29 et 30 octobre 2015 \u00e0 lUniversit\u00e9 Libanaise-EDST-Campus Rafic Hariri-Hadath PARIS-Avec lui, cest un peu le Liban qui entre \u00e0 lAcad\u00e9mie fran\u00e7aise, m\u00eame si sa patrie reste l\u00e9criture: l\u00e9crivain franco-libanais Amin Maalouf a \u00e9t\u00e9 Rencontre scientifique franco-irakienne \u00e0 Beyrouth. R\u00e9unissant chercheurs et universitaires irakiens, fran\u00e7ais et libanais, du 8 au&#8230;<\/p>\n<a class=\"read-more\" href=\"https:\/\/qualitystores.com.pk\/blogg\/2017\/05\/10\/rencontre-franco-libanaise\/\">Read More  &raquo;<\/a>","protected":false},"author":1,"featured_media":0,"comment_status":"closed","ping_status":"closed","sticky":false,"template":"","format":"standard","meta":{"footnotes":""},"categories":[1],"tags":[],"_links":{"self":[{"href":"https:\/\/qualitystores.com.pk\/blogg\/wp-json\/wp\/v2\/posts\/9096"}],"collection":[{"href":"https:\/\/qualitystores.com.pk\/blogg\/wp-json\/wp\/v2\/posts"}],"about":[{"href":"https:\/\/qualitystores.com.pk\/blogg\/wp-json\/wp\/v2\/types\/post"}],"author":[{"embeddable":true,"href":"https:\/\/qualitystores.com.pk\/blogg\/wp-json\/wp\/v2\/users\/1"}],"replies":[{"embeddable":true,"href":"https:\/\/qualitystores.com.pk\/blogg\/wp-json\/wp\/v2\/comments?post=9096"}],"version-history":[{"count":1,"href":"https:\/\/qualitystores.com.pk\/blogg\/wp-json\/wp\/v2\/posts\/9096\/revisions"}],"predecessor-version":[{"id":9097,"href":"https:\/\/qualitystores.com.pk\/blogg\/wp-json\/wp\/v2\/posts\/9096\/revisions\/9097"}],"wp:attachment":[{"href":"https:\/\/qualitystores.com.pk\/blogg\/wp-json\/wp\/v2\/media?parent=9096"}],"wp:term":[{"taxonomy":"category","embeddable":true,"href":"https:\/\/qualitystores.com.pk\/blogg\/wp-json\/wp\/v2\/categories?post=9096"},{"taxonomy":"post_tag","embeddable":true,"href":"https:\/\/qualitystores.com.pk\/blogg\/wp-json\/wp\/v2\/tags?post=9096"}],"curies":[{"name":"wp","href":"https:\/\/api.w.org\/{rel}","templated":true}]}}