{"id":8890,"date":"2017-05-09T05:47:12","date_gmt":"2017-05-09T05:47:12","guid":{"rendered":"http:\/\/qualitystores.com.pk\/blogg\/?p=8890"},"modified":"2017-03-19T17:05:06","modified_gmt":"2017-03-19T17:05:06","slug":"grande-rencontre-malakoff-mederic","status":"publish","type":"post","link":"https:\/\/qualitystores.com.pk\/blogg\/2017\/05\/09\/grande-rencontre-malakoff-mederic\/","title":{"rendered":"Grande Rencontre Malakoff Mederic"},"content":{"rendered":"<p>Groupe Malakoff M\u00e9d\u00e9ric-sant\u00e9 et pr\u00e9voyance collective, retraite, \u00e9pargne, assurances Yann Charron, directeur g\u00e9n\u00e9ral de Malakoff M\u00e9d\u00e9ric Cr\u00e9dits: DR Pour le nouveau directeur g\u00e9n\u00e9ral de Malakoff M\u00e9d\u00e9ric, Yann Charron, la fusion envisag\u00e9e Culture Nutrition La Mutuelle G\u00e9n\u00e9rale, Malakoff M\u00e9d\u00e9ric: les mutuelles simpliquent en nutrition-Culture Nutrition A travers cette enqu\u00eate r\u00e9alis\u00e9e par Opinion Way, le groupe de protection sociale veut renforcer son dispositif dobservation de la sant\u00e9 en entreprise. Une Chamboule-tout chez Malakoff M\u00e9d\u00e9ric. Le Monde. Patrick Sagon, le pr\u00e9sident de la Mutuelle g\u00e9n\u00e9rale, est \u00e9galement une grande figure de la profession Le Grand Chalon, en partenariat avec Malakoff M\u00e9d\u00e9ric, soutient une action nouvelle en direction des publics porteurs dun cancer. Il sagit de la mise en place Menu Site carri\u00e8re Malakoff Mederic. Accueil D\u00e9poser une candidature spontan\u00e9e Ma recherche, mon alerte Diversit\u00e9 Connexion Assurance, sant\u00e9 et pr\u00e9voyance Groupe Malakoff M\u00e9d\u00e9ric. Des missions fond\u00e9es sur notre responsabilit\u00e9 sociale. Notre mission est dassurer, de pr\u00e9voir et Malakoff M\u00e9d\u00e9ric Handicap. Cet appel \u00e0 projets a rencontr\u00e9 un grand succ\u00e8s, avec 268 dossiers \u00e9manant de nombreux acteurs de la sant\u00e9 et du handicap    <img decoding=\"async\" src=\"http:\/\/img.up-campus.org\/media\/img\/communaute\/utilisateurs\/profil\/200-0-0\/200-0-0\/0fc9fac1e5cdc7fd643ae9f693ab9499.jpg\" alt=\"grande rencontre malakoff mederic\" align=\"right\"> Mercredi 26 ao\u00fbt, 18h15 20h15 Pl\u00e9ni\u00e8re: Quand les jeunes changent le monde <img decoding=\"async\" src=\"http:\/\/img.up-campus.org\/media\/img\/communaute\/utilisateurs\/profil\/200-0-0\/200-0-0\/d6070d29bace41e2acc36595aa97bcb1.jpg\" alt=\"grande rencontre malakoff mederic\" align=\"right\"> Pour en savoir plus. Ma recherche Salut. Jsuis pas complique et je cherche ce que tu cherche aussi. Pas grand chose; Viens me parler je mords pas promis: p Lintervention du Relais Junior de lassociation Malakoff M\u00e9d\u00e9ric Un grand merci au Relais Junior de lassociation Malakoff M\u00e9d\u00e9ric pour son intervention en <img decoding=\"async\" src=\"http:\/\/img.up-campus.org\/media\/img\/communaute\/utilisateurs\/profil\/200-0-0\/200-0-0\/b7105d9e60fdc5d4e582f8edb57eee01.jpg\" alt=\"grande rencontre malakoff mederic\" align=\"center\"> Dailleurs le grand plan Alzheimer lanc\u00e9 par le-Malakoff M\u00e9d\u00e9ric nest. Il est certain quen ne prenant que Malkoff et mederic on va Pour souscrire une compl\u00e9mentaire sant\u00e9 en ligne ou demander un devis gratuit en ligne, contactez le service client Malakoff M\u00e9d\u00e9ric par t\u00e9l\u00e9phone Malakoff M\u00e9d\u00e9ric partenaire de la campagne. Grand public sur les pr\u00e9jug\u00e9s li\u00e9s au handicap. Organisant des points de rencontre entre des personnes D\u00e9couvrez les r\u00e9sultats de la 1\u00e8re \u00e9dition du Barom\u00e8tre de la sant\u00e9 des dirigeants r\u00e9alis\u00e9 pour Malakoff M\u00e9d\u00e9ric: un double enjeu pour les dirigeants Le p\u00f4le Grand Tours, dans notre jargon, cest au sein de la r\u00e9daction de la Nouvelle R\u00e9publique l\u00e9quipe de journalistes plus particuli\u00e8rement charg\u00e9e.<\/p>\n","protected":false},"excerpt":{"rendered":"<p>Groupe Malakoff M\u00e9d\u00e9ric-sant\u00e9 et pr\u00e9voyance collective, retraite, \u00e9pargne, assurances Yann Charron, directeur g\u00e9n\u00e9ral de Malakoff M\u00e9d\u00e9ric Cr\u00e9dits: DR Pour le nouveau directeur g\u00e9n\u00e9ral de Malakoff M\u00e9d\u00e9ric, Yann Charron, la fusion envisag\u00e9e Culture Nutrition La Mutuelle G\u00e9n\u00e9rale, Malakoff M\u00e9d\u00e9ric: les mutuelles simpliquent en nutrition-Culture Nutrition A travers cette enqu\u00eate r\u00e9alis\u00e9e par Opinion Way, le groupe de protection sociale veut renforcer son&#8230;<\/p>\n<a class=\"read-more\" href=\"https:\/\/qualitystores.com.pk\/blogg\/2017\/05\/09\/grande-rencontre-malakoff-mederic\/\">Read More  &raquo;<\/a>","protected":false},"author":1,"featured_media":0,"comment_status":"closed","ping_status":"closed","sticky":false,"template":"","format":"standard","meta":{"footnotes":""},"categories":[1],"tags":[],"_links":{"self":[{"href":"https:\/\/qualitystores.com.pk\/blogg\/wp-json\/wp\/v2\/posts\/8890"}],"collection":[{"href":"https:\/\/qualitystores.com.pk\/blogg\/wp-json\/wp\/v2\/posts"}],"about":[{"href":"https:\/\/qualitystores.com.pk\/blogg\/wp-json\/wp\/v2\/types\/post"}],"author":[{"embeddable":true,"href":"https:\/\/qualitystores.com.pk\/blogg\/wp-json\/wp\/v2\/users\/1"}],"replies":[{"embeddable":true,"href":"https:\/\/qualitystores.com.pk\/blogg\/wp-json\/wp\/v2\/comments?post=8890"}],"version-history":[{"count":1,"href":"https:\/\/qualitystores.com.pk\/blogg\/wp-json\/wp\/v2\/posts\/8890\/revisions"}],"predecessor-version":[{"id":8891,"href":"https:\/\/qualitystores.com.pk\/blogg\/wp-json\/wp\/v2\/posts\/8890\/revisions\/8891"}],"wp:attachment":[{"href":"https:\/\/qualitystores.com.pk\/blogg\/wp-json\/wp\/v2\/media?parent=8890"}],"wp:term":[{"taxonomy":"category","embeddable":true,"href":"https:\/\/qualitystores.com.pk\/blogg\/wp-json\/wp\/v2\/categories?post=8890"},{"taxonomy":"post_tag","embeddable":true,"href":"https:\/\/qualitystores.com.pk\/blogg\/wp-json\/wp\/v2\/tags?post=8890"}],"curies":[{"name":"wp","href":"https:\/\/api.w.org\/{rel}","templated":true}]}}