{"id":8566,"date":"2017-05-08T15:46:38","date_gmt":"2017-05-08T15:46:38","guid":{"rendered":"http:\/\/qualitystores.com.pk\/blogg\/?p=8566"},"modified":"2017-03-19T13:01:44","modified_gmt":"2017-03-19T13:01:44","slug":"rencontres-photo-en-arles","status":"publish","type":"post","link":"https:\/\/qualitystores.com.pk\/blogg\/2017\/05\/08\/rencontres-photo-en-arles\/","title":{"rendered":"Rencontres Photo En Arles"},"content":{"rendered":"<p>Cette Ann\u00e9e, les rencontres internationales de la photographie ont pour Commissaire invit\u00e9 le photographe Raymond Depardon. Le ton de cette ann\u00e9e est donc la Arles, la ville et les rencontres de la photographie Les Rencontres dArles c\u00e9l\u00e8brent cette ann\u00e9e leur 45e \u00e9dition, du 7 juillet au 21 septembre. Comme chaque ann\u00e9e, Actes Sud sassocie \u00e0 cette manifestation Cette semaine, une manifestation importante pour tous les amoureux de photographie a d\u00e9but\u00e9: les rencontres Arles photographie qui, comme lindique son nom Photo LES RENCONTRES. DARLES, Photos de lauteur LECOMTE. Galerie Gens_et_Lieux C\u00e9tait l\u00e9v\u00e8nement attendu hier aux Rencontres dArles: Matthieu Chedid, le chanteur de M, et Martin Parr, le c\u00e9l\u00e8bre photographe anglais pr\u00e9sentaient Rencontres photo dArles avec Strat\u00e9gies Fr. 04112015-Quest-ce que le projet Marque-page. Christophe Coffre Les Rencontres dArles anciennement nomm\u00e9es Rencontres internationales de la photographie dArles est un festival estival annuel de photographie fond\u00e9, en 1970 Ambiance \u00e9tonnante \u00e0 Arles pour les rencontres photos en Juillet-Aout. La ville est parcourue en tous sens de passionn\u00e9s de photos, appareil en main Apr\u00e8s la bataille rang\u00e9e de l\u00e9t\u00e9 \u00e0 propos du site des Ateliers SNCF dArles et du projet de grand complexe d\u00e9di\u00e9 \u00e0 limage et \u00e0 la cr\u00e9ation contemporaine La Cmcas dAvignon et sa Commission Culture et Voyages vous proposent un PASS pour les rencontres de la Photographie en Arles du 13 juillet au 20 septembre 2015 Pour sa derni\u00e8re \u00e9dition, Fran\u00e7ois H\u00e9bel, DA des Rencontres dArles, m\u00eale amis de longue date et photographes in\u00e9dits. Laffiche de Michel Bouvet donne le Faites la rencontre gratuite en Arles 13200 entre c\u00e9libataires. Des rencontres gratuites en Arles 13200, site de rencontre s\u00e9rieux et amoureuse en Arles 13200 Comme le sugg\u00e8re son affiche, le programme de cette 47\u00e8me \u00e9dition des Rencontres dArles promet de piquer notre curiosit\u00e9. Parce que la photographie est un L\u00e9dition est consacr\u00e9e \u00e0 la photographie Black and White qui conna\u00eet un nouvel engouement. Fran\u00e7ois H\u00e9bel, directeur des Rencontres dArles, la <img decoding=\"async\" src=\"http:\/\/cdn-premiere.ladmedia.fr\/var\/premiere\/storage\/images\/expos\/news-photos\/rencontres-d-arles-2011-le-cru-en-10-photos-3167388\/graciela-iturbide-ethnographe-feministe\/56688022-1-fre-FR\/Graciela-Iturbide-ethnographe-feministe_portrait_w858.jpg\" alt=\"rencontres photo en arles\" align=\"right\">  RENCONTRES DARLES, photographie, cr\u00e9ation, exposition, Th\u00e9\u00e2tre Antique, Lucien Clergue, Christian Lacroix, Agence Vu, Magnum, Prix D\u00e9couverte, livre, LUMA Les Rencontres dArles 2010 adresse et contact: suivez les derni\u00e8res actualit\u00e9s photo concernant Les Rencontres dArles 2010  Rencontres dArles Arles Associations culturelles, de loisirs: adresse, photos, retrouvez les coordonn\u00e9es et informations sur le professionnel  Une tradition photographique. Tous les ans, a lieu les Rencontres Arles Photographie. Elles se d\u00e9rouleront cette ann\u00e9e du 6 juillet au 20 septembre 2015 <img decoding=\"async\" src=\"http:\/\/3.bp.blogspot.com\/-bOEEvQt668\/UD0fc764ihI\/AAAAAAAAAQ0\/ZMaFGN8yJ7U\/s1600\/nelli+Palom%C3%A4ki+6.png\" alt=\"rencontres photo en arles\" align=\"center\"> Les Rencontres dArles-Les Rencontres dArles pr\u00e9sentent une cinquantaine dexpositions jusquau 19 septembre. Au menu: lArgentine, Mick Jagger, les punks, l <img decoding=\"async\" src=\"http:\/\/www.pixelcreation.fr\/fileadmin\/img\/sas_image\/galerie\/photo\/RencontresArles2010_02\/Perier_Jeanmarie_Mick_Jagger.jpg\" alt=\"rencontres photo en arles\" align=\"right\">.<\/p>\n","protected":false},"excerpt":{"rendered":"<p>Cette Ann\u00e9e, les rencontres internationales de la photographie ont pour Commissaire invit\u00e9 le photographe Raymond Depardon. Le ton de cette ann\u00e9e est donc la Arles, la ville et les rencontres de la photographie Les Rencontres dArles c\u00e9l\u00e8brent cette ann\u00e9e leur 45e \u00e9dition, du 7 juillet au 21 septembre. Comme chaque ann\u00e9e, Actes Sud sassocie \u00e0 cette manifestation Cette semaine, une&#8230;<\/p>\n<a class=\"read-more\" href=\"https:\/\/qualitystores.com.pk\/blogg\/2017\/05\/08\/rencontres-photo-en-arles\/\">Read More  &raquo;<\/a>","protected":false},"author":1,"featured_media":0,"comment_status":"closed","ping_status":"closed","sticky":false,"template":"","format":"standard","meta":{"footnotes":""},"categories":[1],"tags":[],"_links":{"self":[{"href":"https:\/\/qualitystores.com.pk\/blogg\/wp-json\/wp\/v2\/posts\/8566"}],"collection":[{"href":"https:\/\/qualitystores.com.pk\/blogg\/wp-json\/wp\/v2\/posts"}],"about":[{"href":"https:\/\/qualitystores.com.pk\/blogg\/wp-json\/wp\/v2\/types\/post"}],"author":[{"embeddable":true,"href":"https:\/\/qualitystores.com.pk\/blogg\/wp-json\/wp\/v2\/users\/1"}],"replies":[{"embeddable":true,"href":"https:\/\/qualitystores.com.pk\/blogg\/wp-json\/wp\/v2\/comments?post=8566"}],"version-history":[{"count":1,"href":"https:\/\/qualitystores.com.pk\/blogg\/wp-json\/wp\/v2\/posts\/8566\/revisions"}],"predecessor-version":[{"id":8567,"href":"https:\/\/qualitystores.com.pk\/blogg\/wp-json\/wp\/v2\/posts\/8566\/revisions\/8567"}],"wp:attachment":[{"href":"https:\/\/qualitystores.com.pk\/blogg\/wp-json\/wp\/v2\/media?parent=8566"}],"wp:term":[{"taxonomy":"category","embeddable":true,"href":"https:\/\/qualitystores.com.pk\/blogg\/wp-json\/wp\/v2\/categories?post=8566"},{"taxonomy":"post_tag","embeddable":true,"href":"https:\/\/qualitystores.com.pk\/blogg\/wp-json\/wp\/v2\/tags?post=8566"}],"curies":[{"name":"wp","href":"https:\/\/api.w.org\/{rel}","templated":true}]}}