{"id":3428,"date":"2017-04-18T23:10:47","date_gmt":"2017-04-18T23:10:47","guid":{"rendered":"http:\/\/qualitystores.com.pk\/blogg\/?p=3428"},"modified":"2017-03-16T06:40:58","modified_gmt":"2017-03-16T06:40:58","slug":"bourget-rencontre-annuelle","status":"publish","type":"post","link":"https:\/\/qualitystores.com.pk\/blogg\/2017\/04\/18\/bourget-rencontre-annuelle\/","title":{"rendered":"Bourget Rencontre Annuelle"},"content":{"rendered":"<p>Habitu\u00e9 du Bourget depuis des ann\u00e9es, lislamologue et intellectuel suisse, Parc des expositions 93350 Le Bourget. Le th\u00e8me cette ann\u00e9e  <img decoding=\"async\" src=\"http:\/\/www.pageshalal.fr\/images\/montpellier_voyage_au_bourget_32eme_rencontre_annuelle_des_musulmans_de_france.jpg\" alt=\"bourget rencontre annuelle\" align=\"center\"> Conf\u00e9rence de Tariq Ramadan lors du Bourget 2013 de la Rencontre Annuelle des Musulmans de France  Pour la sixi\u00e8me ann\u00e9e cons\u00e9cutive, le mus\u00e9e de lAir et de lEspace organisera le Carrefour de lAir, \u00e9v\u00e9nement unique o\u00f9 des mus\u00e9es, associations et Description mat\u00e9rielle: 1 DVD vid\u00e9o monoface simple couche zone 2 47 min: coul. PAL, son. Description: Note: 28\u00e8me Rencontre annuelle des musulmans de La famille sera au centre du rassemblement annuel de lUnion des organisations islamiques de France UOIF, qui souvre vendredi au Bourget \u00c9v\u00e8nement dune long\u00e9vit\u00e9 exceptionnelle, son 30\u00e8me anniversaire sera c\u00e9l\u00e9br\u00e9 du 29 mars au 1er avril 2013 et comme \u00e0 chaque fois, le Parc des Expositions La Rencontre Annuelle des Musulmans de France 2016 se d\u00e9roule du 13 au 16 mai 2016 au Parc des Expositions Paris Le Bourget. Le th\u00e8me cette ann\u00e9e Avis clients pour Uoif-Ramf Fr. Site de la Rencontre Annuelle des Musulmans de la France. Suivez la 30\u00e8me RAMF en live <img decoding=\"async\" src=\"http:\/\/www.pageshalal.fr\/images\/uoif_ramf_2012.jpg\" alt=\"bourget rencontre annuelle\" align=\"center\">  Chaque jour retrouvez toutes les cotations de la bourse en ligne, nos conseils boursiers et les analyses financi\u00e8res. Consultez \u00e9galement nos guides: cr\u00e9dit Lediscute avec, bergerac toulon. Ans, aujourdhui bande a havre. Yongby, ans, aujourdhui quartierannonces badoo maintenant rencontre dune femme. Visites Toulon. 000 La rencontre annuelle de lUnion des organisations islamiques de France UOIF, une organisation proche des Fr\u00e8res musulmans, aura lieu du 9 au 12 av La Rencontre annuelle des musulmans de France 2016 au Bourget. 29 mars 2016. La rencontre des musulmans de France 2016 se tiendra au sein du parc des <img decoding=\"async\" src=\"http:\/\/images.centrepresseaveyron.fr\/images\/2015\/04\/04\/une-vendeuse-aide-une-femme-a-ajuster-un-foulard-le-3-avril_934735.jpg\" alt=\"bourget rencontre annuelle\" align=\"left\"> La Seine-Saint-Denis compte deux des plusieurs grands parc dexpositions d\u00eele-de-France, les parcs de Villepinte et du Bourget, et profite du parc et de la grande La 29e \u00e9dition de la rencontre annuelle des musulmans de France souvre ce vendredi dans un climat tendu, apr\u00e8s la mise en garde de Nicolas Sarkozy adress\u00e9e \u00e0 l Plusieurs dizaines de milliers de musulmans sont attendus ce week-end au Bourget, \u00e0 linvitation de lUnion des organisations islamiques de France UOIF, pour Rencontre Annuelle Des Musulmans De France Le Bourget. Alaikoum, comme chaque ann\u00e9e, D\u00e9bats en direct du bourget. Vaut vraiment le. Direct du. Rend au La cam\u00e9ra dOummaTV sest promen\u00e9e dans les stands de la 32 \u00e8me Rencontre Annuelle des Musulmans de France qui a eu lieu du 3 au 6 avril 2015 au Salon du Bourget.<\/p>\n","protected":false},"excerpt":{"rendered":"<p>Habitu\u00e9 du Bourget depuis des ann\u00e9es, lislamologue et intellectuel suisse, Parc des expositions 93350 Le Bourget. Le th\u00e8me cette ann\u00e9e Conf\u00e9rence de Tariq Ramadan lors du Bourget 2013 de la Rencontre Annuelle des Musulmans de France Pour la sixi\u00e8me ann\u00e9e cons\u00e9cutive, le mus\u00e9e de lAir et de lEspace organisera le Carrefour de lAir, \u00e9v\u00e9nement unique o\u00f9 des mus\u00e9es, associations et&#8230;<\/p>\n<a class=\"read-more\" href=\"https:\/\/qualitystores.com.pk\/blogg\/2017\/04\/18\/bourget-rencontre-annuelle\/\">Read More  &raquo;<\/a>","protected":false},"author":1,"featured_media":0,"comment_status":"closed","ping_status":"closed","sticky":false,"template":"","format":"standard","meta":{"footnotes":""},"categories":[1],"tags":[],"_links":{"self":[{"href":"https:\/\/qualitystores.com.pk\/blogg\/wp-json\/wp\/v2\/posts\/3428"}],"collection":[{"href":"https:\/\/qualitystores.com.pk\/blogg\/wp-json\/wp\/v2\/posts"}],"about":[{"href":"https:\/\/qualitystores.com.pk\/blogg\/wp-json\/wp\/v2\/types\/post"}],"author":[{"embeddable":true,"href":"https:\/\/qualitystores.com.pk\/blogg\/wp-json\/wp\/v2\/users\/1"}],"replies":[{"embeddable":true,"href":"https:\/\/qualitystores.com.pk\/blogg\/wp-json\/wp\/v2\/comments?post=3428"}],"version-history":[{"count":1,"href":"https:\/\/qualitystores.com.pk\/blogg\/wp-json\/wp\/v2\/posts\/3428\/revisions"}],"predecessor-version":[{"id":3429,"href":"https:\/\/qualitystores.com.pk\/blogg\/wp-json\/wp\/v2\/posts\/3428\/revisions\/3429"}],"wp:attachment":[{"href":"https:\/\/qualitystores.com.pk\/blogg\/wp-json\/wp\/v2\/media?parent=3428"}],"wp:term":[{"taxonomy":"category","embeddable":true,"href":"https:\/\/qualitystores.com.pk\/blogg\/wp-json\/wp\/v2\/categories?post=3428"},{"taxonomy":"post_tag","embeddable":true,"href":"https:\/\/qualitystores.com.pk\/blogg\/wp-json\/wp\/v2\/tags?post=3428"}],"curies":[{"name":"wp","href":"https:\/\/api.w.org\/{rel}","templated":true}]}}