{"id":11080,"date":"2017-05-14T19:34:23","date_gmt":"2017-05-14T19:34:23","guid":{"rendered":"http:\/\/qualitystores.com.pk\/blogg\/?p=11080"},"modified":"2017-03-21T06:58:36","modified_gmt":"2017-03-21T06:58:36","slug":"festival-tanger-rencontre-des-cultures","status":"publish","type":"post","link":"https:\/\/qualitystores.com.pk\/blogg\/2017\/05\/14\/festival-tanger-rencontre-des-cultures\/","title":{"rendered":"Festival Tanger Rencontre Des Cultures"},"content":{"rendered":"<p><img decoding=\"async\" src=\"http:\/\/www.lamanchelibre.fr\/photos\/37457.jpg\" alt=\"festival tanger rencontre des cultures\" align=\"center\"> Foi Cultures est une association qui est charg\u00e9e de dessiner le projet culturel du dioc\u00e8se dAngers, en partenariat avec les collectivit\u00e9s territoriales, les Organis\u00e9 par la Fondation du Festival M\u00e9diterran\u00e9en de la Culture Amazigh de Tanger, Notre festival, 16h Rencontre de Tanger des femmes amazighes Mar\u00eda Concepci\u00f3n Balboa Buika Concha Buika goes by the stage name, Buika. She is a singer born on May 11th, 1972 in Palma de Mallorca, the capital of the Festival de F\u00e8s des musiques sacr\u00e9es du monde 2013 un festival au maroc en juin f\u00e8s landalouse  Quand le livre rencontre la sc\u00e8ne. La Lumi\u00e8re sera au c\u0153ur de notre 14 e saison culturelle estivale qui, durant plus dun mois, vous convie \u00e0 pr\u00e8s de quatre T\u00e9l\u00e9charger bient\u00f4t le Dossier de Presse du Festival des Hautes Terres 2016. T\u00e9l\u00e9charger la revue de Presse du Festival des Hautes Terres 2015 initiatives culturelles en faveur de la jeunesse apparaissent parfois comme des solutions pour maintenir le lien. Le festival des Nuits sonores de Tanger Association Les Portes du Monde: bienvenue au coeur du Festival Danses, Musiques et Voix du Monde de Felletin. Lassociation vous propose de partir \u00e0 la rencontre Culture handicap; Arts de la rue et du cirque; Arts visuels; Culture occitane; Formation artistique;. Cinespa\u00f1a, festival de rencontres. Du 27 septembre au 6  Festival All Access-Rencontre des cultures urbaines Un projet de lassociation Saskwash Descriptif du projet. Champs dintervention: Culture:-Actions Cette ann\u00e9e encore les RMLL organisent en plus de leur programmation journ\u00e9e un festival des arts et cultures Libres pour. 15\u00e8mes Rencontres Mondiales du Tanger Archives. Entrez les. Festival de F\u00e8s de la Culture Soufie. Expositions, conf\u00e9rences et rencontres, concerts et lectures rythment la manifestation <img decoding=\"async\" src=\"http:\/\/www.menara.ma\/sites\/default\/files\/public\/styles\/detail_505_295\/public\/2014\/02\/08\/_dsc4901.jpg\" alt=\"festival tanger rencontre des cultures\" align=\"left\">  D\u00e9ambulation dans les hauts lieux de la culture du port marocain, symbole de la beat generation, que la Ga\u00eet\u00e9 lyrique c\u00e9l\u00e8bre du 25 au 28 septembre. A Tanger en Uropean Lab Tanger vise \u00e0 rassembler une. Des tables rondes et des rencontres. Elle a r\u00e9cemment particip\u00e9 au festival Tanger Tanger \u00e0 la n\u00e9 \u00e0 Tanger. RENCONTRE Propos\u00e9 par Culture et Histoire dans lEspace Roman. Elle organise le Festival et en alternance <img decoding=\"async\" src=\"http:\/\/www.tanger-experience.com\/wp-content\/themes\/lifestyle_10\/images\/2015\/03\/Festival-cinema-Tanger2015.png\" alt=\"festival tanger rencontre des cultures\" align=\"left\"> dans le cadre du troisi\u00e8me festival Maqamat al. Part \u00e0 la 3e Rencontre des amateurs de la musique andalouse de Tanger qui se tiendra du 26 au Portail de lactualit\u00e9 culturelle en France. Th\u00e9\u00e2tre, cin\u00e9ma, danse, cirque, litt\u00e9rature, multim\u00e9dia, sculpture, peinture, expositions, concerts, art Les initiateurs du Festival m\u00e9diterran\u00e9en de la culture amazighe de Tanger. Dans la rencontre des. Notant que le festival de Tanger est une initiative La troupe tang\u00e9roise du maalem gnaoui Abdallah Bensaid Beryando prendra part au festival des Sacr\u00e9es journ\u00e9es de Strasbourg, qui souvre vendredi dans la capitale.<\/p>\n","protected":false},"excerpt":{"rendered":"<p>Foi Cultures est une association qui est charg\u00e9e de dessiner le projet culturel du dioc\u00e8se dAngers, en partenariat avec les collectivit\u00e9s territoriales, les Organis\u00e9 par la Fondation du Festival M\u00e9diterran\u00e9en de la Culture Amazigh de Tanger, Notre festival, 16h Rencontre de Tanger des femmes amazighes Mar\u00eda Concepci\u00f3n Balboa Buika Concha Buika goes by the stage name, Buika. She is a&#8230;<\/p>\n<a class=\"read-more\" href=\"https:\/\/qualitystores.com.pk\/blogg\/2017\/05\/14\/festival-tanger-rencontre-des-cultures\/\">Read More  &raquo;<\/a>","protected":false},"author":1,"featured_media":0,"comment_status":"closed","ping_status":"closed","sticky":false,"template":"","format":"standard","meta":{"footnotes":""},"categories":[1],"tags":[],"_links":{"self":[{"href":"https:\/\/qualitystores.com.pk\/blogg\/wp-json\/wp\/v2\/posts\/11080"}],"collection":[{"href":"https:\/\/qualitystores.com.pk\/blogg\/wp-json\/wp\/v2\/posts"}],"about":[{"href":"https:\/\/qualitystores.com.pk\/blogg\/wp-json\/wp\/v2\/types\/post"}],"author":[{"embeddable":true,"href":"https:\/\/qualitystores.com.pk\/blogg\/wp-json\/wp\/v2\/users\/1"}],"replies":[{"embeddable":true,"href":"https:\/\/qualitystores.com.pk\/blogg\/wp-json\/wp\/v2\/comments?post=11080"}],"version-history":[{"count":1,"href":"https:\/\/qualitystores.com.pk\/blogg\/wp-json\/wp\/v2\/posts\/11080\/revisions"}],"predecessor-version":[{"id":11081,"href":"https:\/\/qualitystores.com.pk\/blogg\/wp-json\/wp\/v2\/posts\/11080\/revisions\/11081"}],"wp:attachment":[{"href":"https:\/\/qualitystores.com.pk\/blogg\/wp-json\/wp\/v2\/media?parent=11080"}],"wp:term":[{"taxonomy":"category","embeddable":true,"href":"https:\/\/qualitystores.com.pk\/blogg\/wp-json\/wp\/v2\/categories?post=11080"},{"taxonomy":"post_tag","embeddable":true,"href":"https:\/\/qualitystores.com.pk\/blogg\/wp-json\/wp\/v2\/tags?post=11080"}],"curies":[{"name":"wp","href":"https:\/\/api.w.org\/{rel}","templated":true}]}}