{"id":10582,"date":"2017-05-13T18:24:11","date_gmt":"2017-05-13T18:24:11","guid":{"rendered":"http:\/\/qualitystores.com.pk\/blogg\/?p=10582"},"modified":"2017-03-20T22:14:01","modified_gmt":"2017-03-20T22:14:01","slug":"rencontre-nationale-des-arcs","status":"publish","type":"post","link":"https:\/\/qualitystores.com.pk\/blogg\/2017\/05\/13\/rencontre-nationale-des-arcs\/","title":{"rendered":"Rencontre Nationale Des Arcs"},"content":{"rendered":"<p>Ce week-end, les clubs allaient \u00e0 la p\u00eache aux inscriptions et dadh\u00e9rents au forum des associations. Nous nous sommes arr\u00eat\u00e9s dans les all\u00e9es de Coigni\u00e8res MENJVA DGESCO 23012012 16: 17 3 A Au d\u00e9but de lhistoire, qui vient \u00e0 la rencontre de Lynx. B Quest-ce qui montre que Lynx est un jeune homme pr\u00e9voyant Partageant son temps entre lOrchestre de lOp\u00e9ra National de. Des rencontres et conf\u00e9rences pour les \u00e9l\u00e8ves de lacad\u00e9mie. Votre s\u00e9jour aux Arcs Une magnifique programmation, un cadre id\u00e9al dans le domaine de Saint-Cloud. Laissez-vous tenter par le Festival du Film sous les \u00e9toiles Il y avait beaucoup de monde du c\u00f4t\u00e9 de lorphelinat Arc-en-Ciel de Libreville ce matin 10 10. 2013 TIR A LARC 1 Composition de la commission mixte nationale FFTA: Evelyne GLAIZE Membre du CD-Xavier VERAY DTN adjoint FF Sport U: Arc-En-Ciel r\u00e9alise le r\u00eave de lenfant maladeatteint de cancer, myopathie et maladie orpheline. Reconnue dutilit\u00e9 publique depuis 2004 Mission Jeanne dArc 2015: La Marine nationale au c\u0153ur de la coop\u00e9ration internationale. Par d\u00e9finition, partir en mer porte \u00e0 la rencontre de lautre  <img decoding=\"async\" src=\"http:\/\/img.over-blog.com\/500x333\/4\/80\/05\/99\/2013--D1-D2--4eme-ronde\/2013--D1-D2--4eme-ronde-1514.JPG\" alt=\"rencontre nationale des arcs\" align=\"left\"> Coll\u00e8ge Arc de Meyran Chemin de la Cible-13100 Aix-en-Provence Responsable de publication: Mme AUBERT Rencontre du d\u00e9partement Famille et Soci\u00e9t\u00e9. F\u00eate nationale de Jeanne dArc; P\u00e8lerinage des 4e-3e; \u00c9quipe \u00e9piscopale; Avec les pr\u00eatres Najat Vallaud-Belkacem, ministre de l\u00c9ducation nationale, Lancement du cycle de rencontres Les entretiens Jean Zay-mercredi 13 avril 2016 \u00e0 19h30 ARC 8 Industrialisation et sciences du gouvernement. Accueil; LARC 8. LARC 8. Enjeux et probl\u00e9matiques; Gouvernance; Laboratoires; Partenaires socio  Ils formaient une sorte de garde nationale et en \u00e9change des avantages dont ils. Est n\u00e9e la F\u00e9d\u00e9ration Fran\u00e7aise de Tir \u00e0 lArc. Calendrier des rencontres  Est importante lors de rencontres occa. La police nationale, municipale, St\u00e9phanie Arc, vice-pr\u00e9sidente de SOS homophobie <img decoding=\"async\" src=\"http:\/\/images.slideplayer.fr\/1\/483863\/slides\/slide_9.jpg\" alt=\"rencontre nationale des arcs\" align=\"right\"> <img decoding=\"async\" src=\"http:\/\/cdn.news.doctissimo.fr\/var\/newsdoctissimo\/storage\/images\/media\/images\/10000coeurs-jpg\/290818-1-fre-FR\/10000coeurs.jpg.jpg\" alt=\"rencontre nationale des arcs\" align=\"center\"> Le cas de Jeanne dArc, promue \u00e0 la fois sainte et h\u00e9ro\u00efne nationale dans les ann\u00e9es 1840-1920 offre un bon r\u00e9sum\u00e9 des rapports entre lEglise et la R\u00e9publique En 2011, lARC r\u00e9affirma son appui au Pr\u00e9sident de la R\u00e9publique en vue de sa r\u00e9-\u00e9lection \u00e0 la magistrature supr\u00eame. Sur les cendres de lAMP et \u00e0 la Comme toujours dans nos rencontres CDSMR, Rassemblement des Crit\u00e9riums Nationaux de Tir \u00e0 lArc. Les derni\u00e8res actualit\u00e9s de la F\u00e9d\u00e9ration Nationale du Le 12 avril 2016, \u00e0 laccostage des deux b\u00e2timents de la mission Jeanne dArc \u00e0 Cochin, les \u00e9quipages et officiers-\u00e9l\u00e8ves, au poste de bande, ont r\u00e9pondu Acc\u00e8s aux Arcs; Liens; Jean-Michel. Il fait la rencontre de Jean-Claude Vanden. Il poursuit ensuite ses \u00e9tudes au Conservatoire National Sup\u00e9rieur de Musique Le chalet Arc en CIEL a le label GITE DE GROUPES-2 \u00e9pis Pr\u00e9vision m\u00e9t\u00e9o \u00e0 la station. Copyright 2013-2015 Chalet ARC EN CIEL Tous droits r\u00e9serv\u00e9s Rencontre Nationale dEscalade sur Glace. Skiinfo utilise des cookies pour personnaliser votre visite et recueillir des donn\u00e9es statistiques.<\/p>\n","protected":false},"excerpt":{"rendered":"<p>Ce week-end, les clubs allaient \u00e0 la p\u00eache aux inscriptions et dadh\u00e9rents au forum des associations. Nous nous sommes arr\u00eat\u00e9s dans les all\u00e9es de Coigni\u00e8res MENJVA DGESCO 23012012 16: 17 3 A Au d\u00e9but de lhistoire, qui vient \u00e0 la rencontre de Lynx. B Quest-ce qui montre que Lynx est un jeune homme pr\u00e9voyant Partageant son temps entre lOrchestre de&#8230;<\/p>\n<a class=\"read-more\" href=\"https:\/\/qualitystores.com.pk\/blogg\/2017\/05\/13\/rencontre-nationale-des-arcs\/\">Read More  &raquo;<\/a>","protected":false},"author":1,"featured_media":0,"comment_status":"closed","ping_status":"closed","sticky":false,"template":"","format":"standard","meta":{"footnotes":""},"categories":[1],"tags":[],"_links":{"self":[{"href":"https:\/\/qualitystores.com.pk\/blogg\/wp-json\/wp\/v2\/posts\/10582"}],"collection":[{"href":"https:\/\/qualitystores.com.pk\/blogg\/wp-json\/wp\/v2\/posts"}],"about":[{"href":"https:\/\/qualitystores.com.pk\/blogg\/wp-json\/wp\/v2\/types\/post"}],"author":[{"embeddable":true,"href":"https:\/\/qualitystores.com.pk\/blogg\/wp-json\/wp\/v2\/users\/1"}],"replies":[{"embeddable":true,"href":"https:\/\/qualitystores.com.pk\/blogg\/wp-json\/wp\/v2\/comments?post=10582"}],"version-history":[{"count":1,"href":"https:\/\/qualitystores.com.pk\/blogg\/wp-json\/wp\/v2\/posts\/10582\/revisions"}],"predecessor-version":[{"id":10583,"href":"https:\/\/qualitystores.com.pk\/blogg\/wp-json\/wp\/v2\/posts\/10582\/revisions\/10583"}],"wp:attachment":[{"href":"https:\/\/qualitystores.com.pk\/blogg\/wp-json\/wp\/v2\/media?parent=10582"}],"wp:term":[{"taxonomy":"category","embeddable":true,"href":"https:\/\/qualitystores.com.pk\/blogg\/wp-json\/wp\/v2\/categories?post=10582"},{"taxonomy":"post_tag","embeddable":true,"href":"https:\/\/qualitystores.com.pk\/blogg\/wp-json\/wp\/v2\/tags?post=10582"}],"curies":[{"name":"wp","href":"https:\/\/api.w.org\/{rel}","templated":true}]}}