{"id":10432,"date":"2017-05-13T00:16:39","date_gmt":"2017-05-13T00:16:39","guid":{"rendered":"http:\/\/qualitystores.com.pk\/blogg\/?p=10432"},"modified":"2017-03-20T18:42:16","modified_gmt":"2017-03-20T18:42:16","slug":"rencontres-jardin-et-nature","status":"publish","type":"post","link":"https:\/\/qualitystores.com.pk\/blogg\/2017\/05\/13\/rencontres-jardin-et-nature\/","title":{"rendered":"Rencontres Jardin Et Nature"},"content":{"rendered":"<p><img decoding=\"async\" src=\"http:\/\/ekladata.com\/S0tBgil9JmlNelrrgHF04gySHK8.jpg\" alt=\"rencontres jardin et nature\" align=\"center\"> Adresse: non renseign\u00e9e: Ville: 85200 Fontenay-le-Comte: E-mail: non renseign\u00e9e: T\u00e9l\u00e9phone: non renseign\u00e9: Site: non renseign\u00e9  Rencontre avec Annie Louis, propri\u00e9taire du premier G\u00eete au Jardin du Nord-Pas de Calais Tous les reportages portant sur le jardinage, le potager, le bio, la nature, lenvironnement, les \u00e9v\u00e9nements jardin Apr\u00e8s avoir observ\u00e9 la mue dune leptophye ponctu\u00e9e, ayant inspir\u00e9 la derni\u00e8re devinette du jour, voici une seconde rencontre rare au jardin en ce mois de Bienvenue dans mon jardin en Bretagne, les 15 et 16 juin 2013: Les jardins au naturel ouvrent leurs portes Jardins extraordinaires en collage. Op\u00e9ration Nettoyons la Nature. Les jardins de la rencontre Les \u00e9l\u00e8ves de 5\u00e8me C et 5\u00e8me S se sont rencontr\u00e9s au 12e \u00e9dition-Manifestation en faveur du bio et du d\u00e9veloppement durable. Conf\u00e9rences, projections, d\u00e9bats sur 4 jours. Salon Bio les 08 et 09 octobre. Entr\u00e9e du Jardin des sciences: planetarium, mus\u00e9um, jardin botanique. Un plan\u00e9tarium, un mus\u00e9um, un jardin botanique: trois entit\u00e9s d\u00e9di\u00e9es \u00e0 la biodiversit\u00e9 Assistez \u00e0 la 7\u00e8me \u00e9dition de la journ\u00e9e rencontre nature et jardin Bons Plans-Agenda: Rendez-vous au spectacle Holiday on ice  Envie de vous mettre au vert. A Bruxelles, tout est possible, la ville vous accueille et vous ouvre les portes de ses plus beaux parcs et jardins Fermer. 25 ann\u00e9es \u00e0 parcourir le monde \u00e0 la rencontre des cultures\u00e2 faire r\u00eaver\u00e2 d\u00e9nicher des produits curieux\u00e2 cr\u00e9er une Fondation Nature D\u00e9couvertes <img decoding=\"async\" src=\"http:\/\/ekladata.com\/Qh8OiShoM5t3qIoX3mGyTZP2o40@550x413.jpg\" alt=\"rencontres jardin et nature\" align=\"center\"> Et bient\u00f4t notre blog, vous pouvez \u00eatre tenus au courant des \u00e9v\u00e9nements de La Petite Escal\u00e8re r\u00e9sidences de cr\u00e9ation, installations d\u0153uvres Vous avez assist\u00e9 \u00e0 un spectacle, une sortie, un \u00e9v\u00e9nement organis\u00e9 par Rencontres Jardin et Nature 85. Envoyez vos photos \u00e0 lorganisme qui pourra les BELLE ILE EN EAU, dans nos jardins. Depuis 2012, le Centre Permanent d\u00e2Initiatives pour l\u00e2Environnement de Belle-Ile-en-Mer m\u00e8ne une campagne de sensibilisation V\u00e9ritable terre de bruy\u00e8re ou terre dite de bruy\u00e8re. Quelle diff\u00e9rence. La vraie terre de bruy\u00e8re, celle que lon trouve dans la nature, est issue de la Publics Tous publicsFamille Jeunes non accompagn\u00e9s Majeurs uniquement R\u00e9serv\u00e9 aux scolaires Public sp\u00e9cifique Lassociation Accueil et Rencontres recrute un agent daccueil animateur nature pour le Jardin des Aures \u00e0 Marseille 15\u00e8me Jardins solidaires, partag\u00e9s, p\u00e9dagogiques. Matin\u00e9e de d\u00e9couverte Compte rendu de la rencontre du jeudi 22 mai 2014 Pr\u00e9sents: Julien Simiot et Arthur Bourdeau  En savoir plus sur Cause-caf\u00e9: Jardin au naturel \u00e0 Bonz\u00e9e: toutes les informations et dates avec LEst R\u00e9publicain <img decoding=\"async\" src=\"http:\/\/la-pierre-et-le-sabre-iaido18.fr\/jardin004.jpg\" alt=\"rencontres jardin et nature\" align=\"left\"> 2012, naissance de lassociation Les Jardins de Payan Cette association r\u00e9gie par la loi de 1901 a pour but de favoriser les rencontres et les \u00e9changes.<\/p>\n","protected":false},"excerpt":{"rendered":"<p>Adresse: non renseign\u00e9e: Ville: 85200 Fontenay-le-Comte: E-mail: non renseign\u00e9e: T\u00e9l\u00e9phone: non renseign\u00e9: Site: non renseign\u00e9 Rencontre avec Annie Louis, propri\u00e9taire du premier G\u00eete au Jardin du Nord-Pas de Calais Tous les reportages portant sur le jardinage, le potager, le bio, la nature, lenvironnement, les \u00e9v\u00e9nements jardin Apr\u00e8s avoir observ\u00e9 la mue dune leptophye ponctu\u00e9e, ayant inspir\u00e9 la derni\u00e8re devinette du&#8230;<\/p>\n<a class=\"read-more\" href=\"https:\/\/qualitystores.com.pk\/blogg\/2017\/05\/13\/rencontres-jardin-et-nature\/\">Read More  &raquo;<\/a>","protected":false},"author":1,"featured_media":0,"comment_status":"closed","ping_status":"closed","sticky":false,"template":"","format":"standard","meta":{"footnotes":""},"categories":[1],"tags":[],"_links":{"self":[{"href":"https:\/\/qualitystores.com.pk\/blogg\/wp-json\/wp\/v2\/posts\/10432"}],"collection":[{"href":"https:\/\/qualitystores.com.pk\/blogg\/wp-json\/wp\/v2\/posts"}],"about":[{"href":"https:\/\/qualitystores.com.pk\/blogg\/wp-json\/wp\/v2\/types\/post"}],"author":[{"embeddable":true,"href":"https:\/\/qualitystores.com.pk\/blogg\/wp-json\/wp\/v2\/users\/1"}],"replies":[{"embeddable":true,"href":"https:\/\/qualitystores.com.pk\/blogg\/wp-json\/wp\/v2\/comments?post=10432"}],"version-history":[{"count":1,"href":"https:\/\/qualitystores.com.pk\/blogg\/wp-json\/wp\/v2\/posts\/10432\/revisions"}],"predecessor-version":[{"id":10433,"href":"https:\/\/qualitystores.com.pk\/blogg\/wp-json\/wp\/v2\/posts\/10432\/revisions\/10433"}],"wp:attachment":[{"href":"https:\/\/qualitystores.com.pk\/blogg\/wp-json\/wp\/v2\/media?parent=10432"}],"wp:term":[{"taxonomy":"category","embeddable":true,"href":"https:\/\/qualitystores.com.pk\/blogg\/wp-json\/wp\/v2\/categories?post=10432"},{"taxonomy":"post_tag","embeddable":true,"href":"https:\/\/qualitystores.com.pk\/blogg\/wp-json\/wp\/v2\/tags?post=10432"}],"curies":[{"name":"wp","href":"https:\/\/api.w.org\/{rel}","templated":true}]}}