{"id":10240,"date":"2017-05-12T21:41:11","date_gmt":"2017-05-12T21:41:11","guid":{"rendered":"http:\/\/qualitystores.com.pk\/blogg\/?p=10240"},"modified":"2017-03-20T14:52:02","modified_gmt":"2017-03-20T14:52:02","slug":"rencontre-des-jardins","status":"publish","type":"post","link":"https:\/\/qualitystores.com.pk\/blogg\/2017\/05\/12\/rencontre-des-jardins\/","title":{"rendered":"Rencontre Des Jardins"},"content":{"rendered":"<p>Rencontre de Jardins, du 9 au 12 septembre, Gassin 06, propose de composer un am\u00e9nagement out door original d\u00e9cor v\u00e9g\u00e9tal, mobilier, village innovation et Jardinons \u00e9colo-Ruynes en Margeride-Juillet 2011. Rencontre avec le jardinier de l\u00e9comus\u00e9e pour un apr\u00e8s-midi sur lam\u00e9nagement, la culture et lentretien  Mardi 26 janvier, les \u00e9l\u00e8ves du projet Jardin de la Rencontre ont re\u00e7u la visite de Julie Lestage, Paysagiste au CAUE de Cote DOr Lassociation r\u00e9gionale des Parcs et Jardins de Picardie regroupe les jardins ouverts au public de la r\u00e9gion Picardie, appel\u00e9e aujourdhui Hauts de France 01. Des jardins ouvriers aux jardins familiaux. Les jardins ouvriers, rebaptis\u00e9s familiaux apr\u00e8s la seconde guerre mondiale, suscitent de nos jours un int\u00e9r\u00eat Rencontre Jardins f\u00eate ses dix ans. Elle est le rendez-vous de septembre le plus attendu sur la C\u00f4te dAzur pour les artistes, artisans et le grand public <img decoding=\"async\" src=\"http:\/\/www.terville.fr\/ckfinder\/userfiles\/images\/2014\/actus\/marche%20gourmande.jpg\" alt=\"rencontre des jardins\" align=\"left\"> Jardin et jardinage: Rencontre avec Jean Lemoussu, chef jardinier des Jardins de Marqueyssac, Belv\u00e9d\u00e8re de la Dordogne Petit cahier ludique et pratique pour conna\u00eetre la vie des col\u00e9opt\u00e8res et les observer <img decoding=\"async\" src=\"http:\/\/img.over-blog-kiwi.com\/0\/96\/35\/39\/20150126\/ob_74ceb3_sam-0626.JPG\" alt=\"rencontre des jardins\" align=\"left\"> Une petite rencontre \u00e0 lacrylique sur morceau de bois, jai tard\u00e9 \u00e0 vous la montrer, je lavais oubli\u00e9e. Poire Conf\u00e9rence \u00e7a cest s\u00fbr 2 RENCONTRES R\u00c9GIONALES DES JARDINS COLLECTIFS: Cultivons nos solidarit\u00e9s Exp\u00e9riences et d\u00e9marches sociales et environnementales: Synth\u00e8se des Rencontres Cest la dixi\u00e8me ann\u00e9e que le salon Rencontre de Jardins ouvre ses portes au public. Une ann\u00e9e phare pour ce 10\u00e8me anniversaire. Design Outdoor Art Nadia Loria Legris, Sherbrooke La rencontre bois, argile, pl\u00e2tre, cire dabeille \u00c9couter Nadia Loria Legris. La table \u00e0 pique-nique sera ici au c\u0153ur d La prochaine rencontre sera le vendredi 24 avril de 17h30 \u00e0 18h30 Th\u00e8me: Embellissement du jardin en g\u00e9n\u00e9ral Venez avec vos envies, vos id\u00e9es, vos Ce vendredi 28 octobre 2011, notre service communication a rencontr\u00e9 une d\u00e9l\u00e9gation chinoise pr\u00e9sente en France dans le cadre de lexposition florale de 2013 Le jardin de la rencontre-Saint-Brieuc. Lieu: Parcelle de jardins familiaux dans le quartier de Cesson de Saint-Brieuc. Porteurs de projet <img decoding=\"async\" src=\"http:\/\/lesplusbeauxjardins.com\/wp-content\/uploads\/2014\/08\/Rencontre-de-jardins-Oliviers.jpg\" alt=\"rencontre des jardins\" align=\"right\"> Not\u00e9 3 35. Retrouvez Rencontre avec les esprits de la nature: Arbres, fleurs, jardins, f\u00e9es. Et des millions de livres en stock sur Amazon Fr. Achetez neuf ou d   Ecrit le 3 juin 2003: Les jardins du bonheur. O\u00f9 en est la recherche de jardins familiaux. Lassociation Rencontres a fait une demande depuis novembre 2001 Contexte. Laval Agglom\u00e9ration agit concr\u00e8tement en faveur du D\u00e9veloppement Durable. En 2010, les \u00e9lus ont ainsi vot\u00e9 ladh\u00e9sion de la collectivit\u00e9 \u00e0 la mise Top 5 Meilleurs Sites de Rencontre. Inscription Rapide 100 Gratuite.<\/p>\n","protected":false},"excerpt":{"rendered":"<p>Rencontre de Jardins, du 9 au 12 septembre, Gassin 06, propose de composer un am\u00e9nagement out door original d\u00e9cor v\u00e9g\u00e9tal, mobilier, village innovation et Jardinons \u00e9colo-Ruynes en Margeride-Juillet 2011. Rencontre avec le jardinier de l\u00e9comus\u00e9e pour un apr\u00e8s-midi sur lam\u00e9nagement, la culture et lentretien Mardi 26 janvier, les \u00e9l\u00e8ves du projet Jardin de la Rencontre ont re\u00e7u la visite de&#8230;<\/p>\n<a class=\"read-more\" href=\"https:\/\/qualitystores.com.pk\/blogg\/2017\/05\/12\/rencontre-des-jardins\/\">Read More  &raquo;<\/a>","protected":false},"author":1,"featured_media":0,"comment_status":"closed","ping_status":"closed","sticky":false,"template":"","format":"standard","meta":{"footnotes":""},"categories":[1],"tags":[],"_links":{"self":[{"href":"https:\/\/qualitystores.com.pk\/blogg\/wp-json\/wp\/v2\/posts\/10240"}],"collection":[{"href":"https:\/\/qualitystores.com.pk\/blogg\/wp-json\/wp\/v2\/posts"}],"about":[{"href":"https:\/\/qualitystores.com.pk\/blogg\/wp-json\/wp\/v2\/types\/post"}],"author":[{"embeddable":true,"href":"https:\/\/qualitystores.com.pk\/blogg\/wp-json\/wp\/v2\/users\/1"}],"replies":[{"embeddable":true,"href":"https:\/\/qualitystores.com.pk\/blogg\/wp-json\/wp\/v2\/comments?post=10240"}],"version-history":[{"count":1,"href":"https:\/\/qualitystores.com.pk\/blogg\/wp-json\/wp\/v2\/posts\/10240\/revisions"}],"predecessor-version":[{"id":10241,"href":"https:\/\/qualitystores.com.pk\/blogg\/wp-json\/wp\/v2\/posts\/10240\/revisions\/10241"}],"wp:attachment":[{"href":"https:\/\/qualitystores.com.pk\/blogg\/wp-json\/wp\/v2\/media?parent=10240"}],"wp:term":[{"taxonomy":"category","embeddable":true,"href":"https:\/\/qualitystores.com.pk\/blogg\/wp-json\/wp\/v2\/categories?post=10240"},{"taxonomy":"post_tag","embeddable":true,"href":"https:\/\/qualitystores.com.pk\/blogg\/wp-json\/wp\/v2\/tags?post=10240"}],"curies":[{"name":"wp","href":"https:\/\/api.w.org\/{rel}","templated":true}]}}